{"id":394,"date":"2021-07-29T21:07:44","date_gmt":"2021-07-30T00:07:44","guid":{"rendered":"http:\/\/eliteclubedetiro.net.br\/wp\/?p=394"},"modified":"2021-07-29T21:07:44","modified_gmt":"2021-07-30T00:07:44","slug":"copa-elite-de-tiro","status":"publish","type":"post","link":"https:\/\/eliteclubedetiro.net.br\/?p=394","title":{"rendered":"COPA ELITE DE TIRO &#8211; CARABINA .22"},"content":{"rendered":"<p>\u2800\u2800<\/p>\n<p>\u2800\u2800\u2800\u2800Foi realizada nos dias de 17 e 18 de julho, a <strong>Copa Elite de Tiro<\/strong>, no nosso<em> stand outdoor<\/em>. A copa contou com duas categorias, a categoria mira aberta com disparos realizados a 25 metros e a categoria mira \u00f3tica\/optr\u00f4nica com disparos a 100 metros. Aqui est\u00e3o os resultados das duas competi\u00e7\u00f5es:<\/p>\n<p>&nbsp;<\/p>\n<blockquote><p>Competi\u00e7\u00e3o Mira Aberta 25m<\/p><\/blockquote>\n<table style=\"height: 614px;\" width=\"390\">\n<tbody>\n<tr>\n<td width=\"39\"><strong>POS.<\/strong><\/td>\n<td width=\"192\"><strong>COMPETIDOR<\/strong><\/td>\n<td width=\"64\"><strong>PONTOS<\/strong><\/td>\n<\/tr>\n<tr>\n<td width=\"39\"><strong>1\u00ba<\/strong><\/td>\n<td width=\"192\"><strong>Valmir Abade<\/strong><\/td>\n<td width=\"64\"><strong>208<\/strong><\/td>\n<\/tr>\n<tr>\n<td width=\"39\"><strong>2\u00ba<\/strong><\/td>\n<td width=\"192\"><strong>Alexandre da Costa<\/strong><\/td>\n<td width=\"64\"><strong>207,5<\/strong><\/td>\n<\/tr>\n<tr>\n<td width=\"39\"><strong>3\u00ba<\/strong><\/td>\n<td width=\"192\"><strong>Wilmar Vasconcelos <\/strong><\/td>\n<td width=\"64\"><strong>197,6<\/strong><\/td>\n<\/tr>\n<tr>\n<td width=\"39\">4\u00ba<\/td>\n<td width=\"192\">Leonardo D\u00e1lia<\/td>\n<td width=\"64\">196,4<\/td>\n<\/tr>\n<tr>\n<td width=\"39\">5\u00ba<\/td>\n<td width=\"192\">Jo\u00e3o Carvalho<\/td>\n<td width=\"64\">192,3<\/td>\n<\/tr>\n<tr>\n<td width=\"39\">6\u00ba<\/td>\n<td width=\"192\">Emmanoel B. Carvalho<\/td>\n<td width=\"64\">191,4<\/td>\n<\/tr>\n<tr>\n<td width=\"39\">7\u00ba<\/td>\n<td width=\"192\">Daniel Viana<\/td>\n<td width=\"64\">187,3<\/td>\n<\/tr>\n<tr>\n<td width=\"39\">8\u00ba<\/td>\n<td width=\"192\">Carlos Borba<\/td>\n<td width=\"64\">184,1<\/td>\n<\/tr>\n<tr>\n<td width=\"39\">9\u00ba<\/td>\n<td width=\"192\">Jerffeson Lins<\/td>\n<td width=\"64\">179<\/td>\n<\/tr>\n<tr>\n<td width=\"39\">10\u00ba<\/td>\n<td width=\"192\">Rubens Gusm\u00e3o<\/td>\n<td width=\"64\">177,2<\/td>\n<\/tr>\n<tr>\n<td width=\"39\">11\u00ba<\/td>\n<td width=\"192\">Carlos Adriano<\/td>\n<td width=\"64\">171,1<\/td>\n<\/tr>\n<tr>\n<td width=\"39\">12\u00ba<\/td>\n<td width=\"192\">Severino Ramos<\/td>\n<td width=\"64\">170,1<\/td>\n<\/tr>\n<tr>\n<td width=\"39\">13\u00ba<\/td>\n<td width=\"192\">Artur Gualberto<\/td>\n<td width=\"64\">170,1<\/td>\n<\/tr>\n<tr>\n<td width=\"39\">14\u00ba<\/td>\n<td width=\"192\">Josinaldo Sousa<\/td>\n<td width=\"64\">126<\/td>\n<\/tr>\n<tr>\n<td width=\"39\">15\u00ba<\/td>\n<td width=\"192\">Ademir Vasconcelos<\/td>\n<td width=\"64\">108,1<\/td>\n<\/tr>\n<\/tbody>\n<\/table>\n<blockquote><p>&nbsp;<\/p>\n<p>Competi\u00e7\u00e3o Mira \u00d3tica\/Optr\u00f4nica 100m:<\/p><\/blockquote>\n<table style=\"height: 367px;\" width=\"390\">\n<tbody>\n<tr>\n<td width=\"39\"><strong>POS.<\/strong><\/td>\n<td width=\"192\"><strong>COMPETIDOR<\/strong><\/td>\n<td width=\"64\"><strong>PONTOS<\/strong><\/td>\n<\/tr>\n<tr>\n<td width=\"39\"><strong>1\u00ba<\/strong><\/td>\n<td width=\"192\"><strong>Guilherme Saraiva <\/strong><\/td>\n<td width=\"64\"><strong>200<\/strong><\/td>\n<\/tr>\n<tr>\n<td width=\"39\"><strong>2\u00ba<\/strong><\/td>\n<td width=\"192\"><strong>Emmanoel B. Carvalho<\/strong><\/td>\n<td width=\"64\"><strong>193<\/strong><\/td>\n<\/tr>\n<tr>\n<td width=\"39\"><strong>3\u00ba<\/strong><\/td>\n<td width=\"192\"><strong>Junio Peixoto<\/strong><\/td>\n<td width=\"64\"><strong>168<\/strong><\/td>\n<\/tr>\n<tr>\n<td width=\"39\">4\u00ba<\/td>\n<td width=\"192\">Leonardo D\u00e1lia<\/td>\n<td width=\"64\">167<\/td>\n<\/tr>\n<tr>\n<td width=\"39\">5\u00ba<\/td>\n<td width=\"192\">Jo\u00e3o Carlos<\/td>\n<td width=\"64\">137<\/td>\n<\/tr>\n<tr>\n<td width=\"39\">6\u00ba<\/td>\n<td width=\"192\">Ralff Lima<\/td>\n<td width=\"64\">120<\/td>\n<\/tr>\n<tr>\n<td width=\"39\">7\u00ba<\/td>\n<td width=\"192\">Jerffeson Lins<\/td>\n<td width=\"64\">102<\/td>\n<\/tr>\n<tr>\n<td width=\"39\">8\u00ba<\/td>\n<td width=\"192\">Rubens Gusm\u00e3o<\/td>\n<td width=\"64\">88<\/td>\n<\/tr>\n<tr>\n<td width=\"39\">9\u00ba<\/td>\n<td width=\"192\">Carlos Borba<\/td>\n<td width=\"64\">72<\/td>\n<\/tr>\n<\/tbody>\n<\/table>\n<p>&nbsp;<\/p>\n<p>&nbsp;<\/p>\n<p>Em breve ser\u00e3o divulgadas as pr\u00f3ximas datas das competi\u00e7\u00f5es que vir\u00e3o. Para participar os atiradores devem possuir Certificado de Registro (CR) e a documenta\u00e7\u00e3o deve ser apresentada.<\/p>\n","protected":false},"excerpt":{"rendered":"<p>\u2800\u2800 \u2800\u2800\u2800\u2800Foi realizada nos dias de 17 e 18 de julho, a Copa Elite de Tiro, no nosso stand outdoor. A copa contou com duas categorias, a categoria mira aberta com disparos realizados a 25 metros e a categoria mira \u00f3tica\/optr\u00f4nica com disparos a 100 metros. Aqui est\u00e3o os resultados das duas competi\u00e7\u00f5es: &nbsp; Competi\u00e7\u00e3o [&hellip;]<\/p>\n","protected":false},"author":2,"featured_media":0,"comment_status":"open","ping_status":"open","sticky":false,"template":"","format":"standard","meta":{"footnotes":""},"categories":[22,5],"tags":[],"class_list":["post-394","post","type-post","status-publish","format-standard","hentry","category-campeonato","category-noticias"],"_links":{"self":[{"href":"https:\/\/eliteclubedetiro.net.br\/index.php?rest_route=\/wp\/v2\/posts\/394","targetHints":{"allow":["GET"]}}],"collection":[{"href":"https:\/\/eliteclubedetiro.net.br\/index.php?rest_route=\/wp\/v2\/posts"}],"about":[{"href":"https:\/\/eliteclubedetiro.net.br\/index.php?rest_route=\/wp\/v2\/types\/post"}],"author":[{"embeddable":true,"href":"https:\/\/eliteclubedetiro.net.br\/index.php?rest_route=\/wp\/v2\/users\/2"}],"replies":[{"embeddable":true,"href":"https:\/\/eliteclubedetiro.net.br\/index.php?rest_route=%2Fwp%2Fv2%2Fcomments&post=394"}],"version-history":[{"count":1,"href":"https:\/\/eliteclubedetiro.net.br\/index.php?rest_route=\/wp\/v2\/posts\/394\/revisions"}],"predecessor-version":[{"id":395,"href":"https:\/\/eliteclubedetiro.net.br\/index.php?rest_route=\/wp\/v2\/posts\/394\/revisions\/395"}],"wp:attachment":[{"href":"https:\/\/eliteclubedetiro.net.br\/index.php?rest_route=%2Fwp%2Fv2%2Fmedia&parent=394"}],"wp:term":[{"taxonomy":"category","embeddable":true,"href":"https:\/\/eliteclubedetiro.net.br\/index.php?rest_route=%2Fwp%2Fv2%2Fcategories&post=394"},{"taxonomy":"post_tag","embeddable":true,"href":"https:\/\/eliteclubedetiro.net.br\/index.php?rest_route=%2Fwp%2Fv2%2Ftags&post=394"}],"curies":[{"name":"wp","href":"https:\/\/api.w.org\/{rel}","templated":true}]}}